{"id":6879,"date":"2026-04-27T17:04:46","date_gmt":"2026-04-27T20:04:46","guid":{"rendered":"https:\/\/rkrause.cl\/web\/?p=6879"},"modified":"2026-04-27T17:19:09","modified_gmt":"2026-04-27T20:19:09","slug":"conversacion-del-nucleo-artes-sonoras-con-jose-iges-espana","status":"publish","type":"post","link":"https:\/\/rkrause.cl\/web\/?p=6879","title":{"rendered":"Conversaci\u00f3n del N\u00facleo Artes Sonoras con Jos\u00e9 Ig\u00e9s, Espa\u00f1a"},"content":{"rendered":"\n<blockquote class=\"wp-block-quote is-layout-flow wp-block-quote-is-layout-flow\">\n<p><a href=\"https:\/\/www.instagram.com\/p\/DXkAC02HFI4\/?utm_source=ig_embed&amp;utm_campaign=loading\" target=\"_blank\" rel=\"noreferrer noopener\"><\/a><\/p>\n\n\n\n<figure class=\"wp-block-image size-large\"><img loading=\"lazy\" decoding=\"async\" width=\"700\" height=\"455\" src=\"https:\/\/rkrause.cl\/web\/wp-content\/uploads\/2026\/04\/681080746_17921329206325566_1067332399386195577_n-700x455.jpg?_t=1777321124\" alt=\"\" class=\"wp-image-6881\"\/><figcaption class=\"wp-element-caption\">Conversaci\u00f3n entre el N\u00facleo Artes Sonoras y Jos\u00e9 Ig\u00e9s, 25-6-2026<\/figcaption><\/figure>\n\n\n\n<p>El d\u00eda de hoy tuvimos la posibilidad de tener una gran conversaci\u00f3n con Jos\u00e9 Iges. Artista e investigador referente dentro del arte sonoro de habla hispana. Dialogamos principalmente sobre los procesos del N\u00facleo, y la entrevista ser\u00e1 publicada pronto en su canal de Youtube \u201cCulturas sonoras\u201d<\/p>\n\n\n\n<p>En esta ocasi\u00f3n, participaron <a href=\"https:\/\/www.instagram.com\/monica.bate\/\">@monica.bate<\/a><a href=\"https:\/\/www.instagram.com\/rainerkrause4\/\"> <\/a><a href=\"https:\/\/www.instagram.com\/rainerkrause4\/\">@rainerkrause4<\/a><a href=\"https:\/\/www.instagram.com\/cabiesesvaldes\/\"> <\/a><a href=\"https:\/\/www.instagram.com\/cabiesesvaldes\/\">@cabiesesvaldes<\/a><a href=\"https:\/\/www.instagram.com\/misaa.cc\/\"> <\/a><a href=\"https:\/\/www.instagram.com\/misaa.cc\/\">@misaa.cc<\/a><a href=\"https:\/\/www.instagram.com\/p\/DXkAC02HFI4\/?utm_source=ig_embed&amp;utm_campaign=loading\" target=\"_blank\" rel=\"noreferrer noopener\"><\/a><a href=\"https:\/\/www.instagram.com\/p\/DXkAC02HFI4\/?utm_source=ig_embed&amp;utm_campaign=loading\" target=\"_blank\" rel=\"noreferrer noopener\"><\/a><\/p>\n\n\n\n<p><a href=\"https:\/\/www.instagram.com\/p\/DXkAC02HFI4\/?utm_source=ig_embed&amp;utm_campaign=loading\" target=\"_blank\" rel=\"noreferrer noopener\">Ver esta publicaci\u00f3n en Instagram<\/a><\/p>\n\n\n\n<p><\/p>\n<\/blockquote>\n","protected":false},"excerpt":{"rendered":"","protected":false},"author":2,"featured_media":0,"comment_status":"closed","ping_status":"open","sticky":false,"template":"","format":"standard","meta":{"ngg_post_thumbnail":0,"footnotes":""},"categories":[8],"tags":[399,24,409,392,103],"class_list":["post-6879","post","type-post","status-publish","format-standard","hentry","category-6-actividades","tag-399","tag-arte_sonoro","tag-jose-iges","tag-nucleo-artes-sonoras","tag-rainer_krause"],"_links":{"self":[{"href":"https:\/\/rkrause.cl\/web\/index.php?rest_route=\/wp\/v2\/posts\/6879"}],"collection":[{"href":"https:\/\/rkrause.cl\/web\/index.php?rest_route=\/wp\/v2\/posts"}],"about":[{"href":"https:\/\/rkrause.cl\/web\/index.php?rest_route=\/wp\/v2\/types\/post"}],"author":[{"embeddable":true,"href":"https:\/\/rkrause.cl\/web\/index.php?rest_route=\/wp\/v2\/users\/2"}],"replies":[{"embeddable":true,"href":"https:\/\/rkrause.cl\/web\/index.php?rest_route=%2Fwp%2Fv2%2Fcomments&post=6879"}],"version-history":[{"count":7,"href":"https:\/\/rkrause.cl\/web\/index.php?rest_route=\/wp\/v2\/posts\/6879\/revisions"}],"predecessor-version":[{"id":6891,"href":"https:\/\/rkrause.cl\/web\/index.php?rest_route=\/wp\/v2\/posts\/6879\/revisions\/6891"}],"wp:attachment":[{"href":"https:\/\/rkrause.cl\/web\/index.php?rest_route=%2Fwp%2Fv2%2Fmedia&parent=6879"}],"wp:term":[{"taxonomy":"category","embeddable":true,"href":"https:\/\/rkrause.cl\/web\/index.php?rest_route=%2Fwp%2Fv2%2Fcategories&post=6879"},{"taxonomy":"post_tag","embeddable":true,"href":"https:\/\/rkrause.cl\/web\/index.php?rest_route=%2Fwp%2Fv2%2Ftags&post=6879"}],"curies":[{"name":"wp","href":"https:\/\/api.w.org\/{rel}","templated":true}]}}